{"id":2455,"date":"2024-06-26T17:53:58","date_gmt":"2024-06-26T15:53:58","guid":{"rendered":"https:\/\/www.parapm.org\/?p=2455"},"modified":"2024-06-26T18:12:51","modified_gmt":"2024-06-26T16:12:51","slug":"9e-le-bon-bilan-des-capteurs-dair-a-lecole","status":"publish","type":"post","link":"https:\/\/www.parapm.org\/en\/9e-le-bon-bilan-des-capteurs-dair-a-lecole\/","title":{"rendered":"9e : le bon bilan des capteurs d&#8217;air \u00e0 l&#8217;\u00e9cole"},"content":{"rendered":"<p><img loading=\"lazy\" decoding=\"async\" class=\"alignnone size-medium wp-image-2462\" src=\"https:\/\/www.parapm.org\/admin\/wp-content\/uploads\/2024\/06\/2024-06-20-bfm-tv-700x349.png\" alt=\"2024 06 20 BFM TV\" width=\"700\" height=\"349\" srcset=\"https:\/\/www.parapm.org\/admin\/wp-content\/uploads\/2024\/06\/2024-06-20-bfm-tv-700x349.png 700w, https:\/\/www.parapm.org\/admin\/wp-content\/uploads\/2024\/06\/2024-06-20-bfm-tv-1400x697.png 1400w, https:\/\/www.parapm.org\/admin\/wp-content\/uploads\/2024\/06\/2024-06-20-bfm-tv-337x168.png 337w, https:\/\/www.parapm.org\/admin\/wp-content\/uploads\/2024\/06\/2024-06-20-bfm-tv-768x383.png 768w, https:\/\/www.parapm.org\/admin\/wp-content\/uploads\/2024\/06\/2024-06-20-bfm-tv-80x40.png 80w, https:\/\/www.parapm.org\/admin\/wp-content\/uploads\/2024\/06\/2024-06-20-bfm-tv-1536x765.png 1536w, https:\/\/www.parapm.org\/admin\/wp-content\/uploads\/2024\/06\/2024-06-20-bfm-tv.png 1662w\" sizes=\"auto, (max-width: 700px) 100vw, 700px\" \/><\/p>\n<p>Bilan de l&#8217;exp\u00e9rimentation d&#8217;un an avec 10 purificateurs d&#8217;air dans une \u00e9cole du 9e \u00e0 Paris : une baisse de 30% de la pollution aux particules fines dans la cour de r\u00e9cr\u00e9ation en moyenne et 95% des particules fines captur\u00e9es. Reportage de BFM TV.<\/p>\n","protected":false},"excerpt":{"rendered":"<p>Bilan de l&#8217;exp\u00e9rimentation d&#8217;un an avec 10 purificateurs d&#8217;air dans une \u00e9cole du 9e \u00e0 Paris : une baisse de 30% de la pollution aux particules fines dans la cour de r\u00e9cr\u00e9ation en moyenne et 95% des particules fines captur\u00e9es. Reportage de BFM TV.<\/p>\n","protected":false},"author":5,"featured_media":0,"comment_status":"closed","ping_status":"closed","sticky":false,"template":"","format":"standard","meta":{"_acf_changed":false,"footnotes":""},"categories":[1],"tags":[],"class_list":["post-2455","post","type-post","status-publish","format-standard","hentry","category-para-pm"],"acf":[],"_links":{"self":[{"href":"https:\/\/www.parapm.org\/en\/wp-json\/wp\/v2\/posts\/2455","targetHints":{"allow":["GET"]}}],"collection":[{"href":"https:\/\/www.parapm.org\/en\/wp-json\/wp\/v2\/posts"}],"about":[{"href":"https:\/\/www.parapm.org\/en\/wp-json\/wp\/v2\/types\/post"}],"author":[{"embeddable":true,"href":"https:\/\/www.parapm.org\/en\/wp-json\/wp\/v2\/users\/5"}],"replies":[{"embeddable":true,"href":"https:\/\/www.parapm.org\/en\/wp-json\/wp\/v2\/comments?post=2455"}],"version-history":[{"count":3,"href":"https:\/\/www.parapm.org\/en\/wp-json\/wp\/v2\/posts\/2455\/revisions"}],"predecessor-version":[{"id":2469,"href":"https:\/\/www.parapm.org\/en\/wp-json\/wp\/v2\/posts\/2455\/revisions\/2469"}],"wp:attachment":[{"href":"https:\/\/www.parapm.org\/en\/wp-json\/wp\/v2\/media?parent=2455"}],"wp:term":[{"taxonomy":"category","embeddable":true,"href":"https:\/\/www.parapm.org\/en\/wp-json\/wp\/v2\/categories?post=2455"},{"taxonomy":"post_tag","embeddable":true,"href":"https:\/\/www.parapm.org\/en\/wp-json\/wp\/v2\/tags?post=2455"}],"curies":[{"name":"wp","href":"https:\/\/api.w.org\/{rel}","templated":true}]}}